{"id":191,"date":"2022-02-02T08:21:55","date_gmt":"2022-02-02T08:21:55","guid":{"rendered":"https:\/\/uitgeverijnona.nl\/?p=191"},"modified":"2022-02-02T08:21:55","modified_gmt":"2022-02-02T08:21:55","slug":"zevendaagse-natuurdichtjes","status":"publish","type":"post","link":"https:\/\/nona.datatailors.com\/?p=191","title":{"rendered":"Zevendaagse Natuurdichtjes"},"content":{"rendered":"\n<figure class=\"wp-block-image size-full\"><img loading=\"lazy\" decoding=\"async\" width=\"493\" height=\"223\" src=\"https:\/\/nona.datatailors.com\/wp-content\/uploads\/2022\/02\/image.png\" alt=\"\" class=\"wp-image-193\" srcset=\"https:\/\/nona.datatailors.com\/wp-content\/uploads\/2022\/02\/image.png 493w, https:\/\/nona.datatailors.com\/wp-content\/uploads\/2022\/02\/image-350x158.png 350w, https:\/\/nona.datatailors.com\/wp-content\/uploads\/2022\/02\/image-300x136.png 300w\" sizes=\"auto, (max-width: 493px) 100vw, 493px\" \/><\/figure>\n\n\n\n<p class=\"wp-block-paragraph\">Van 27 januari tot en met 2 februari vieren we de Po\u00ebzieweek 2022 van Vlaanderen en Nederland. Dit jaar is het thema NATUUR. We (her)ontdekken de po\u00ebzie in de natuur en de natuur in de po\u00ebzie.<\/p>\n\n\n\n<p class=\"wp-block-paragraph\">Ontdek je mee? Natuurdichter Susanne van Reenen neemt je 7 dagen lang mee op pad met elke dag een nieuw groendicht in beeld en woord.<br><br><sub>De 7-daagse is te volgen op deze website en op de <a href=\"http:\/\/www.facebook.com\/susanne.vanreenen\" data-type=\"URL\" data-id=\"www.facebook.com\/susanne.vanreenen\" target=\"_blank\" rel=\"noreferrer noopener\">Facebookpagina<\/a> van Susanne.<\/sub><\/p>\n","protected":false},"excerpt":{"rendered":"<p>Van 27 januari tot en met 2 februari vieren we de Po\u00ebzieweek 2022 van Vlaanderen en Nederland. Dit jaar is het thema NATUUR. We (her)ontdekken de po\u00ebzie in de natuur en de natuur in de po\u00ebzie. Ontdek je mee? Natuurdichter Susanne van Reenen neemt je 7 dagen lang mee op pad met elke dag een &hellip; <\/p>\n<p class=\"link-more\"><a href=\"https:\/\/nona.datatailors.com\/?p=191\" class=\"more-link\">Continue reading<span class=\"screen-reader-text\"> &#8220;Zevendaagse Natuurdichtjes&#8221;<\/span><\/a><\/p>\n","protected":false},"author":1,"featured_media":0,"comment_status":"closed","ping_status":"closed","sticky":true,"template":"","format":"standard","meta":{"footnotes":""},"categories":[2],"tags":[],"class_list":["post-191","post","type-post","status-publish","format-standard","hentry","category-geen-categorie"],"_links":{"self":[{"href":"https:\/\/nona.datatailors.com\/index.php?rest_route=\/wp\/v2\/posts\/191","targetHints":{"allow":["GET"]}}],"collection":[{"href":"https:\/\/nona.datatailors.com\/index.php?rest_route=\/wp\/v2\/posts"}],"about":[{"href":"https:\/\/nona.datatailors.com\/index.php?rest_route=\/wp\/v2\/types\/post"}],"author":[{"embeddable":true,"href":"https:\/\/nona.datatailors.com\/index.php?rest_route=\/wp\/v2\/users\/1"}],"replies":[{"embeddable":true,"href":"https:\/\/nona.datatailors.com\/index.php?rest_route=%2Fwp%2Fv2%2Fcomments&post=191"}],"version-history":[{"count":0,"href":"https:\/\/nona.datatailors.com\/index.php?rest_route=\/wp\/v2\/posts\/191\/revisions"}],"wp:attachment":[{"href":"https:\/\/nona.datatailors.com\/index.php?rest_route=%2Fwp%2Fv2%2Fmedia&parent=191"}],"wp:term":[{"taxonomy":"category","embeddable":true,"href":"https:\/\/nona.datatailors.com\/index.php?rest_route=%2Fwp%2Fv2%2Fcategories&post=191"},{"taxonomy":"post_tag","embeddable":true,"href":"https:\/\/nona.datatailors.com\/index.php?rest_route=%2Fwp%2Fv2%2Ftags&post=191"}],"curies":[{"name":"wp","href":"https:\/\/api.w.org\/{rel}","templated":true}]}}